{"id":53687,"date":"2025-08-04T09:13:43","date_gmt":"2025-08-04T14:13:43","guid":{"rendered":"https:\/\/www.firstcallkc.org\/reportaje-de-noticias-equidad-en-la-salud-en-kc-agosto-de-2025\/"},"modified":"2025-08-04T09:13:43","modified_gmt":"2025-08-04T14:13:43","slug":"reportaje-de-noticias-equidad-en-la-salud-en-kc-agosto-de-2025","status":"publish","type":"post","link":"https:\/\/www.firstcallkc.org\/es\/reportaje-de-noticias-equidad-en-la-salud-en-kc-agosto-de-2025\/","title":{"rendered":"Reportaje de noticias: Equidad en la salud en KC | Agosto de 2025"},"content":{"rendered":"<h2>Conectando a trav\u00e9s de la capacidad comunitaria<\/h2>\n<p>First Call destaca la importancia de abordar las barreras al acceso a la atenci\u00f3n de la salud conductual en Kansas City, como el transporte y las desigualdades hist\u00f3ricas como la segregaci\u00f3n. Al asociarse con organizaciones sin \u00e1nimo de lucro, el grupo se centra en atender a los clientes donde est\u00e1n para garantizar servicios equitativos y accesibles. <\/p>\n<p><a href=\"https:\/\/vimeo.com\/1050809005?signup=true\" target=\"_blank\" rel=\"noopener\">Conectando a trav\u00e9s de la capacidad comunitaria en Vimeo<\/a><\/p>\n","protected":false},"excerpt":{"rendered":"<p>Conectando a trav\u00e9s de la capacidad comunitaria First Call destaca la importancia de abordar las barreras al acceso a la atenci\u00f3n de la salud conductual en Kansas City, como el [&hellip;]<\/p>\n","protected":false},"author":4,"featured_media":53684,"comment_status":"closed","ping_status":"open","sticky":false,"template":"","format":"standard","meta":{"_et_pb_use_builder":"","_et_pb_old_content":"","_et_gb_content_width":"","_price":"","_stock":"","_tribe_ticket_header":"","_tribe_default_ticket_provider":"","_tribe_ticket_capacity":"0","_ticket_start_date":"","_ticket_end_date":"","_tribe_ticket_show_description":"","_tribe_ticket_show_not_going":false,"_tribe_ticket_use_global_stock":"","_tribe_ticket_global_stock_level":"","_global_stock_mode":"","_global_stock_cap":"","_tribe_rsvp_for_event":"","_tribe_ticket_going_count":"","_tribe_ticket_not_going_count":"","_tribe_tickets_list":"[]","_tribe_ticket_has_attendee_info_fields":false,"footnotes":"","_tec_slr_enabled":"","_tec_slr_layout":""},"categories":[48],"tags":[],"class_list":["post-53687","post","type-post","status-publish","format-standard","has-post-thumbnail","hentry","category-noticias"],"ticketed":false,"_links":{"self":[{"href":"https:\/\/www.firstcallkc.org\/es\/wp-json\/wp\/v2\/posts\/53687","targetHints":{"allow":["GET"]}}],"collection":[{"href":"https:\/\/www.firstcallkc.org\/es\/wp-json\/wp\/v2\/posts"}],"about":[{"href":"https:\/\/www.firstcallkc.org\/es\/wp-json\/wp\/v2\/types\/post"}],"author":[{"embeddable":true,"href":"https:\/\/www.firstcallkc.org\/es\/wp-json\/wp\/v2\/users\/4"}],"replies":[{"embeddable":true,"href":"https:\/\/www.firstcallkc.org\/es\/wp-json\/wp\/v2\/comments?post=53687"}],"version-history":[{"count":0,"href":"https:\/\/www.firstcallkc.org\/es\/wp-json\/wp\/v2\/posts\/53687\/revisions"}],"wp:featuredmedia":[{"embeddable":true,"href":"https:\/\/www.firstcallkc.org\/es\/wp-json\/wp\/v2\/media\/53684"}],"wp:attachment":[{"href":"https:\/\/www.firstcallkc.org\/es\/wp-json\/wp\/v2\/media?parent=53687"}],"wp:term":[{"taxonomy":"category","embeddable":true,"href":"https:\/\/www.firstcallkc.org\/es\/wp-json\/wp\/v2\/categories?post=53687"},{"taxonomy":"post_tag","embeddable":true,"href":"https:\/\/www.firstcallkc.org\/es\/wp-json\/wp\/v2\/tags?post=53687"}],"curies":[{"name":"wp","href":"https:\/\/api.w.org\/{rel}","templated":true}]}}